{"id":8244,"date":"2024-05-25T05:27:59","date_gmt":"2024-05-25T05:27:59","guid":{"rendered":"https:\/\/www.almiramonti.com\/?p=8244"},"modified":"2024-06-06T07:36:18","modified_gmt":"2024-06-06T07:36:18","slug":"weekend-del-folclore-il-programma-e-le-nostre-proposte","status":"publish","type":"post","link":"https:\/\/www.almiramonti.com\/de\/weekend-del-folclore-il-programma-e-le-nostre-proposte\/","title":{"rendered":"Wochenende des Folklore: Programm und Angebote"},"content":{"rendered":"<h4>Samstag, den 29. und Sonntag, den 30. Juni, kehrt in Santa Maria Maggiore das<\/h4>\n<h3>Wochenende des Folklore zur\u00fcck:<\/h3>\n<h3>Die dritte Ausgabe m\u00f6chte den Erfolg der beiden vorherigen wiederholen, dank des Engagements unserer Folkloregruppe Valle Vigezzo, um das traditionelle Erbe des Tals der Maler zu w\u00fcrdigen.<\/h3>\n<p><a href=\"http:\/\/santamariamaggiore.info\/event\/weekend-del-folklore\/2024-06-29\/\" target=\"_blank\" rel=\"noopener\">Hier<\/a> finden Sie das vollst\u00e4ndige Programm<\/p>\n<p>und <a href=\"https:\/\/www.almiramonti.com\/portfolio\/de\/weekend-del-folclore\/\" target=\"_blank\" rel=\"noopener\">Hier<\/a> unsere Vorschl\u00e4ge, um mit uns Tage voller Sch\u00f6nheit und Tradition zu verbringen.<\/p>\n<p>Hoch leben unsere Traditionen und unsere Geschichte.<\/p>\n<p>&nbsp;<\/p>\n<p>&nbsp;<\/p>\n<p>&nbsp;<\/p>\n","protected":false},"excerpt":{"rendered":"<p>Samstag, den 29. und Sonntag, den 30. Juni, kehrt in Santa Maria Maggiore das Wochenende des Folklore zur\u00fcck: Die dritte Ausgabe m\u00f6chte den Erfolg der beiden vorherigen wiederholen, dank des Engagements unserer Folkloregruppe Valle Vigezzo, um das traditionelle Erbe des Tals der Maler zu w\u00fcrdigen. Hier finden Sie das vollst\u00e4ndige Programm und Hier unsere Vorschl\u00e4ge, &#8230;<\/p>\n","protected":false},"author":3,"featured_media":6023,"comment_status":"closed","ping_status":"closed","sticky":false,"template":"","format":"standard","meta":{"inline_featured_image":false,"loftocean_post_format_gallery":"","loftocean_post_format_gallery_ids":"","loftocean_post_format_gallery_urls":"","loftocean_post_format_video_id":0,"loftocean_post_format_video_url":"","loftocean_post_format_video_type":"","loftocean_post_format_video":"","loftocean_post_format_audio_type":"","loftocean_post_format_audio_url":"","loftocean_post_format_audio_id":0,"loftocean_post_format_audio":"","loftocean-like-count":0,"cozystay_single_post_hide_site_header":"","cozystay_single_post_site_header_source":"custom","cozystay_single_post_custom_site_header":"3505","cozystay_single_post_custom_sticky_site_header":"","cozystay_single_post_hide_page_title":"","cozystay_single_post_site_footer_hide_main":"","cozystay_single_custom_site_footer_main_source":"","cozystay_single_custom_site_footer_main":"0","cozystay_single_post_site_footer_hide_above":"","cozystay_single_custom_site_footer_above_source":"","cozystay_single_custom_site_footer_above":"0","cozystay_single_post_site_footer_hide_instagram":"","cozystay_single_post_site_footer_hide_bottom":"","cozystay_single_custom_mobile_menu_source":"","cozystay_single_custom_mobile_menu":"0","cozystay_single_custom_mobile_menu_animation":"","cozystay_single_custom_mobile_menu_width":"","cozystay_single_custom_mobile_menu_custom_width":375,"cozystay_single_post_template":"","footnotes":""},"categories":[109],"tags":[110],"class_list":["post-8244","post","type-post","status-publish","format-standard","has-post-thumbnail","hentry","category-news-de","tag-vigezzina-de"],"yoast_head":"<!-- This site is optimized with the Yoast SEO plugin v27.5 - https:\/\/yoast.com\/product\/yoast-seo-wordpress\/ -->\n<title>Wochenende des Folklore: Programm und Angebote - Hotel al Miramonti Santa Maria Maggiore<\/title>\n<meta name=\"description\" content=\"Torna il Weekend del Folclore per valorizzare il patrimonio tradizionale della valle dei pittori\" \/>\n<meta name=\"robots\" content=\"index, follow, max-snippet:-1, max-image-preview:large, max-video-preview:-1\" \/>\n<link rel=\"canonical\" href=\"https:\/\/www.almiramonti.com\/de\/weekend-del-folclore-il-programma-e-le-nostre-proposte\/\" \/>\n<meta property=\"og:locale\" content=\"de_DE\" \/>\n<meta property=\"og:type\" content=\"article\" \/>\n<meta property=\"og:title\" content=\"Wochenende des Folklore: Programm und Angebote - Hotel al Miramonti Santa Maria Maggiore\" \/>\n<meta property=\"og:description\" content=\"Torna il Weekend del Folclore per valorizzare il patrimonio tradizionale della valle dei pittori\" \/>\n<meta property=\"og:url\" content=\"https:\/\/www.almiramonti.com\/de\/weekend-del-folclore-il-programma-e-le-nostre-proposte\/\" \/>\n<meta property=\"og:site_name\" content=\"Hotel al Miramonti Santa Maria Maggiore\" \/>\n<meta property=\"article:published_time\" content=\"2024-05-25T05:27:59+00:00\" \/>\n<meta property=\"article:modified_time\" content=\"2024-06-06T07:36:18+00:00\" \/>\n<meta property=\"og:image\" content=\"https:\/\/www.almiramonti.com\/wp-content\/uploads\/2023\/11\/Santa_Maria_Maggiore_Folklore_2023_6458_LR.jpg\" \/>\n\t<meta property=\"og:image:width\" content=\"1200\" \/>\n\t<meta property=\"og:image:height\" content=\"800\" \/>\n\t<meta property=\"og:image:type\" content=\"image\/jpeg\" \/>\n<meta name=\"author\" content=\"Hotel Miramonti\" \/>\n<meta name=\"twitter:card\" content=\"summary_large_image\" \/>\n<meta name=\"twitter:label1\" content=\"Verfasst von\" \/>\n\t<meta name=\"twitter:data1\" content=\"Hotel Miramonti\" \/>\n\t<meta name=\"twitter:label2\" content=\"Gesch\u00e4tzte Lesezeit\" \/>\n\t<meta name=\"twitter:data2\" content=\"1\u00a0Minute\" \/>\n<script type=\"application\/ld+json\" class=\"yoast-schema-graph\">{\"@context\":\"https:\\\/\\\/schema.org\",\"@graph\":[{\"@type\":\"Article\",\"@id\":\"https:\\\/\\\/www.almiramonti.com\\\/de\\\/weekend-del-folclore-il-programma-e-le-nostre-proposte\\\/#article\",\"isPartOf\":{\"@id\":\"https:\\\/\\\/www.almiramonti.com\\\/de\\\/weekend-del-folclore-il-programma-e-le-nostre-proposte\\\/\"},\"author\":{\"name\":\"Hotel Miramonti\",\"@id\":\"https:\\\/\\\/www.almiramonti.com\\\/#\\\/schema\\\/person\\\/b6959eb02c9a2bb422845d1399c11c47\"},\"headline\":\"Wochenende des Folklore: Programm und Angebote\",\"datePublished\":\"2024-05-25T05:27:59+00:00\",\"dateModified\":\"2024-06-06T07:36:18+00:00\",\"mainEntityOfPage\":{\"@id\":\"https:\\\/\\\/www.almiramonti.com\\\/de\\\/weekend-del-folclore-il-programma-e-le-nostre-proposte\\\/\"},\"wordCount\":85,\"publisher\":{\"@id\":\"https:\\\/\\\/www.almiramonti.com\\\/#organization\"},\"image\":{\"@id\":\"https:\\\/\\\/www.almiramonti.com\\\/de\\\/weekend-del-folclore-il-programma-e-le-nostre-proposte\\\/#primaryimage\"},\"thumbnailUrl\":\"https:\\\/\\\/www.almiramonti.com\\\/wp-content\\\/uploads\\\/2023\\\/11\\\/Santa_Maria_Maggiore_Folklore_2023_6458_LR.jpg\",\"keywords\":[\"vigezzina\"],\"articleSection\":[\"News\"],\"inLanguage\":\"de\"},{\"@type\":\"WebPage\",\"@id\":\"https:\\\/\\\/www.almiramonti.com\\\/de\\\/weekend-del-folclore-il-programma-e-le-nostre-proposte\\\/\",\"url\":\"https:\\\/\\\/www.almiramonti.com\\\/de\\\/weekend-del-folclore-il-programma-e-le-nostre-proposte\\\/\",\"name\":\"Wochenende des Folklore: Programm und Angebote - Hotel al Miramonti Santa Maria Maggiore\",\"isPartOf\":{\"@id\":\"https:\\\/\\\/www.almiramonti.com\\\/#website\"},\"primaryImageOfPage\":{\"@id\":\"https:\\\/\\\/www.almiramonti.com\\\/de\\\/weekend-del-folclore-il-programma-e-le-nostre-proposte\\\/#primaryimage\"},\"image\":{\"@id\":\"https:\\\/\\\/www.almiramonti.com\\\/de\\\/weekend-del-folclore-il-programma-e-le-nostre-proposte\\\/#primaryimage\"},\"thumbnailUrl\":\"https:\\\/\\\/www.almiramonti.com\\\/wp-content\\\/uploads\\\/2023\\\/11\\\/Santa_Maria_Maggiore_Folklore_2023_6458_LR.jpg\",\"datePublished\":\"2024-05-25T05:27:59+00:00\",\"dateModified\":\"2024-06-06T07:36:18+00:00\",\"description\":\"Torna il Weekend del Folclore per valorizzare il patrimonio tradizionale della valle dei pittori\",\"breadcrumb\":{\"@id\":\"https:\\\/\\\/www.almiramonti.com\\\/de\\\/weekend-del-folclore-il-programma-e-le-nostre-proposte\\\/#breadcrumb\"},\"inLanguage\":\"de\",\"potentialAction\":[{\"@type\":\"ReadAction\",\"target\":[\"https:\\\/\\\/www.almiramonti.com\\\/de\\\/weekend-del-folclore-il-programma-e-le-nostre-proposte\\\/\"]}]},{\"@type\":\"ImageObject\",\"inLanguage\":\"de\",\"@id\":\"https:\\\/\\\/www.almiramonti.com\\\/de\\\/weekend-del-folclore-il-programma-e-le-nostre-proposte\\\/#primaryimage\",\"url\":\"https:\\\/\\\/www.almiramonti.com\\\/wp-content\\\/uploads\\\/2023\\\/11\\\/Santa_Maria_Maggiore_Folklore_2023_6458_LR.jpg\",\"contentUrl\":\"https:\\\/\\\/www.almiramonti.com\\\/wp-content\\\/uploads\\\/2023\\\/11\\\/Santa_Maria_Maggiore_Folklore_2023_6458_LR.jpg\",\"width\":1200,\"height\":800,\"caption\":\"Santa Maria Maggiore Tusrismo, festa del Folklore\"},{\"@type\":\"BreadcrumbList\",\"@id\":\"https:\\\/\\\/www.almiramonti.com\\\/de\\\/weekend-del-folclore-il-programma-e-le-nostre-proposte\\\/#breadcrumb\",\"itemListElement\":[{\"@type\":\"ListItem\",\"position\":1,\"name\":\"Home\",\"item\":\"https:\\\/\\\/www.almiramonti.com\\\/de\\\/\"},{\"@type\":\"ListItem\",\"position\":2,\"name\":\"Wochenende des Folklore: Programm und Angebote\"}]},{\"@type\":\"WebSite\",\"@id\":\"https:\\\/\\\/www.almiramonti.com\\\/#website\",\"url\":\"https:\\\/\\\/www.almiramonti.com\\\/\",\"name\":\"Hotel al Miramonti Santa Maria Maggiore\",\"description\":\"Credits PrincipeMorici\",\"publisher\":{\"@id\":\"https:\\\/\\\/www.almiramonti.com\\\/#organization\"},\"potentialAction\":[{\"@type\":\"SearchAction\",\"target\":{\"@type\":\"EntryPoint\",\"urlTemplate\":\"https:\\\/\\\/www.almiramonti.com\\\/?s={search_term_string}\"},\"query-input\":{\"@type\":\"PropertyValueSpecification\",\"valueRequired\":true,\"valueName\":\"search_term_string\"}}],\"inLanguage\":\"de\"},{\"@type\":\"Organization\",\"@id\":\"https:\\\/\\\/www.almiramonti.com\\\/#organization\",\"name\":\"Hotel al Miramonti Santa Maria Maggiore\",\"url\":\"https:\\\/\\\/www.almiramonti.com\\\/\",\"logo\":{\"@type\":\"ImageObject\",\"inLanguage\":\"de\",\"@id\":\"https:\\\/\\\/www.almiramonti.com\\\/#\\\/schema\\\/logo\\\/image\\\/\",\"url\":\"https:\\\/\\\/www.almiramonti.com\\\/wp-content\\\/uploads\\\/2023\\\/04\\\/logo-3.png\",\"contentUrl\":\"https:\\\/\\\/www.almiramonti.com\\\/wp-content\\\/uploads\\\/2023\\\/04\\\/logo-3.png\",\"width\":457,\"height\":91,\"caption\":\"Hotel al Miramonti Santa Maria Maggiore\"},\"image\":{\"@id\":\"https:\\\/\\\/www.almiramonti.com\\\/#\\\/schema\\\/logo\\\/image\\\/\"}},{\"@type\":\"Person\",\"@id\":\"https:\\\/\\\/www.almiramonti.com\\\/#\\\/schema\\\/person\\\/b6959eb02c9a2bb422845d1399c11c47\",\"name\":\"Hotel Miramonti\",\"image\":{\"@type\":\"ImageObject\",\"inLanguage\":\"de\",\"@id\":\"https:\\\/\\\/secure.gravatar.com\\\/avatar\\\/0f383a3415a3655c748d02f643d325e6d9d4bb7b32ec64f9d6a92bd9515513dd?s=96&d=mm&r=g\",\"url\":\"https:\\\/\\\/secure.gravatar.com\\\/avatar\\\/0f383a3415a3655c748d02f643d325e6d9d4bb7b32ec64f9d6a92bd9515513dd?s=96&d=mm&r=g\",\"contentUrl\":\"https:\\\/\\\/secure.gravatar.com\\\/avatar\\\/0f383a3415a3655c748d02f643d325e6d9d4bb7b32ec64f9d6a92bd9515513dd?s=96&d=mm&r=g\",\"caption\":\"Hotel Miramonti\"},\"url\":\"https:\\\/\\\/www.almiramonti.com\\\/de\\\/author\\\/simona\\\/\"}]}<\/script>\n<!-- \/ Yoast SEO plugin. -->","yoast_head_json":{"title":"Wochenende des Folklore: Programm und Angebote - Hotel al Miramonti Santa Maria Maggiore","description":"Torna il Weekend del Folclore per valorizzare il patrimonio tradizionale della valle dei pittori","robots":{"index":"index","follow":"follow","max-snippet":"max-snippet:-1","max-image-preview":"max-image-preview:large","max-video-preview":"max-video-preview:-1"},"canonical":"https:\/\/www.almiramonti.com\/de\/weekend-del-folclore-il-programma-e-le-nostre-proposte\/","og_locale":"de_DE","og_type":"article","og_title":"Wochenende des Folklore: Programm und Angebote - Hotel al Miramonti Santa Maria Maggiore","og_description":"Torna il Weekend del Folclore per valorizzare il patrimonio tradizionale della valle dei pittori","og_url":"https:\/\/www.almiramonti.com\/de\/weekend-del-folclore-il-programma-e-le-nostre-proposte\/","og_site_name":"Hotel al Miramonti Santa Maria Maggiore","article_published_time":"2024-05-25T05:27:59+00:00","article_modified_time":"2024-06-06T07:36:18+00:00","og_image":[{"width":1200,"height":800,"url":"https:\/\/www.almiramonti.com\/wp-content\/uploads\/2023\/11\/Santa_Maria_Maggiore_Folklore_2023_6458_LR.jpg","type":"image\/jpeg"}],"author":"Hotel Miramonti","twitter_card":"summary_large_image","twitter_misc":{"Verfasst von":"Hotel Miramonti","Gesch\u00e4tzte Lesezeit":"1\u00a0Minute"},"schema":{"@context":"https:\/\/schema.org","@graph":[{"@type":"Article","@id":"https:\/\/www.almiramonti.com\/de\/weekend-del-folclore-il-programma-e-le-nostre-proposte\/#article","isPartOf":{"@id":"https:\/\/www.almiramonti.com\/de\/weekend-del-folclore-il-programma-e-le-nostre-proposte\/"},"author":{"name":"Hotel Miramonti","@id":"https:\/\/www.almiramonti.com\/#\/schema\/person\/b6959eb02c9a2bb422845d1399c11c47"},"headline":"Wochenende des Folklore: Programm und Angebote","datePublished":"2024-05-25T05:27:59+00:00","dateModified":"2024-06-06T07:36:18+00:00","mainEntityOfPage":{"@id":"https:\/\/www.almiramonti.com\/de\/weekend-del-folclore-il-programma-e-le-nostre-proposte\/"},"wordCount":85,"publisher":{"@id":"https:\/\/www.almiramonti.com\/#organization"},"image":{"@id":"https:\/\/www.almiramonti.com\/de\/weekend-del-folclore-il-programma-e-le-nostre-proposte\/#primaryimage"},"thumbnailUrl":"https:\/\/www.almiramonti.com\/wp-content\/uploads\/2023\/11\/Santa_Maria_Maggiore_Folklore_2023_6458_LR.jpg","keywords":["vigezzina"],"articleSection":["News"],"inLanguage":"de"},{"@type":"WebPage","@id":"https:\/\/www.almiramonti.com\/de\/weekend-del-folclore-il-programma-e-le-nostre-proposte\/","url":"https:\/\/www.almiramonti.com\/de\/weekend-del-folclore-il-programma-e-le-nostre-proposte\/","name":"Wochenende des Folklore: Programm und Angebote - Hotel al Miramonti Santa Maria Maggiore","isPartOf":{"@id":"https:\/\/www.almiramonti.com\/#website"},"primaryImageOfPage":{"@id":"https:\/\/www.almiramonti.com\/de\/weekend-del-folclore-il-programma-e-le-nostre-proposte\/#primaryimage"},"image":{"@id":"https:\/\/www.almiramonti.com\/de\/weekend-del-folclore-il-programma-e-le-nostre-proposte\/#primaryimage"},"thumbnailUrl":"https:\/\/www.almiramonti.com\/wp-content\/uploads\/2023\/11\/Santa_Maria_Maggiore_Folklore_2023_6458_LR.jpg","datePublished":"2024-05-25T05:27:59+00:00","dateModified":"2024-06-06T07:36:18+00:00","description":"Torna il Weekend del Folclore per valorizzare il patrimonio tradizionale della valle dei pittori","breadcrumb":{"@id":"https:\/\/www.almiramonti.com\/de\/weekend-del-folclore-il-programma-e-le-nostre-proposte\/#breadcrumb"},"inLanguage":"de","potentialAction":[{"@type":"ReadAction","target":["https:\/\/www.almiramonti.com\/de\/weekend-del-folclore-il-programma-e-le-nostre-proposte\/"]}]},{"@type":"ImageObject","inLanguage":"de","@id":"https:\/\/www.almiramonti.com\/de\/weekend-del-folclore-il-programma-e-le-nostre-proposte\/#primaryimage","url":"https:\/\/www.almiramonti.com\/wp-content\/uploads\/2023\/11\/Santa_Maria_Maggiore_Folklore_2023_6458_LR.jpg","contentUrl":"https:\/\/www.almiramonti.com\/wp-content\/uploads\/2023\/11\/Santa_Maria_Maggiore_Folklore_2023_6458_LR.jpg","width":1200,"height":800,"caption":"Santa Maria Maggiore Tusrismo, festa del Folklore"},{"@type":"BreadcrumbList","@id":"https:\/\/www.almiramonti.com\/de\/weekend-del-folclore-il-programma-e-le-nostre-proposte\/#breadcrumb","itemListElement":[{"@type":"ListItem","position":1,"name":"Home","item":"https:\/\/www.almiramonti.com\/de\/"},{"@type":"ListItem","position":2,"name":"Wochenende des Folklore: Programm und Angebote"}]},{"@type":"WebSite","@id":"https:\/\/www.almiramonti.com\/#website","url":"https:\/\/www.almiramonti.com\/","name":"Hotel al Miramonti Santa Maria Maggiore","description":"Credits PrincipeMorici","publisher":{"@id":"https:\/\/www.almiramonti.com\/#organization"},"potentialAction":[{"@type":"SearchAction","target":{"@type":"EntryPoint","urlTemplate":"https:\/\/www.almiramonti.com\/?s={search_term_string}"},"query-input":{"@type":"PropertyValueSpecification","valueRequired":true,"valueName":"search_term_string"}}],"inLanguage":"de"},{"@type":"Organization","@id":"https:\/\/www.almiramonti.com\/#organization","name":"Hotel al Miramonti Santa Maria Maggiore","url":"https:\/\/www.almiramonti.com\/","logo":{"@type":"ImageObject","inLanguage":"de","@id":"https:\/\/www.almiramonti.com\/#\/schema\/logo\/image\/","url":"https:\/\/www.almiramonti.com\/wp-content\/uploads\/2023\/04\/logo-3.png","contentUrl":"https:\/\/www.almiramonti.com\/wp-content\/uploads\/2023\/04\/logo-3.png","width":457,"height":91,"caption":"Hotel al Miramonti Santa Maria Maggiore"},"image":{"@id":"https:\/\/www.almiramonti.com\/#\/schema\/logo\/image\/"}},{"@type":"Person","@id":"https:\/\/www.almiramonti.com\/#\/schema\/person\/b6959eb02c9a2bb422845d1399c11c47","name":"Hotel Miramonti","image":{"@type":"ImageObject","inLanguage":"de","@id":"https:\/\/secure.gravatar.com\/avatar\/0f383a3415a3655c748d02f643d325e6d9d4bb7b32ec64f9d6a92bd9515513dd?s=96&d=mm&r=g","url":"https:\/\/secure.gravatar.com\/avatar\/0f383a3415a3655c748d02f643d325e6d9d4bb7b32ec64f9d6a92bd9515513dd?s=96&d=mm&r=g","contentUrl":"https:\/\/secure.gravatar.com\/avatar\/0f383a3415a3655c748d02f643d325e6d9d4bb7b32ec64f9d6a92bd9515513dd?s=96&d=mm&r=g","caption":"Hotel Miramonti"},"url":"https:\/\/www.almiramonti.com\/de\/author\/simona\/"}]}},"loftoceanMetas":{"authorName":"Hotel Miramonti","categories":[{"name":"News","link":"https:\/\/www.almiramonti.com\/de\/category\/news-de\/","count":35}],"date":"25. Mai 2024","featuredImageSRC":"https:\/\/www.almiramonti.com\/wp-content\/uploads\/2023\/11\/Santa_Maria_Maggiore_Folklore_2023_6458_LR-150x150.jpg"},"_links":{"self":[{"href":"https:\/\/www.almiramonti.com\/de\/wp-json\/wp\/v2\/posts\/8244","targetHints":{"allow":["GET"]}}],"collection":[{"href":"https:\/\/www.almiramonti.com\/de\/wp-json\/wp\/v2\/posts"}],"about":[{"href":"https:\/\/www.almiramonti.com\/de\/wp-json\/wp\/v2\/types\/post"}],"author":[{"embeddable":true,"href":"https:\/\/www.almiramonti.com\/de\/wp-json\/wp\/v2\/users\/3"}],"replies":[{"embeddable":true,"href":"https:\/\/www.almiramonti.com\/de\/wp-json\/wp\/v2\/comments?post=8244"}],"version-history":[{"count":5,"href":"https:\/\/www.almiramonti.com\/de\/wp-json\/wp\/v2\/posts\/8244\/revisions"}],"predecessor-version":[{"id":8262,"href":"https:\/\/www.almiramonti.com\/de\/wp-json\/wp\/v2\/posts\/8244\/revisions\/8262"}],"wp:featuredmedia":[{"embeddable":true,"href":"https:\/\/www.almiramonti.com\/de\/wp-json\/wp\/v2\/media\/6023"}],"wp:attachment":[{"href":"https:\/\/www.almiramonti.com\/de\/wp-json\/wp\/v2\/media?parent=8244"}],"wp:term":[{"taxonomy":"category","embeddable":true,"href":"https:\/\/www.almiramonti.com\/de\/wp-json\/wp\/v2\/categories?post=8244"},{"taxonomy":"post_tag","embeddable":true,"href":"https:\/\/www.almiramonti.com\/de\/wp-json\/wp\/v2\/tags?post=8244"}],"curies":[{"name":"wp","href":"https:\/\/api.w.org\/{rel}","templated":true}]}}